{"id":1302,"date":"2026-09-03T11:41:46","date_gmt":"2026-09-03T09:41:46","guid":{"rendered":"https:\/\/mariemeredespretres.org\/blog\/?p=1302"},"modified":"2026-09-03T11:41:46","modified_gmt":"2026-09-03T09:41:46","slug":"rentree","status":"publish","type":"post","link":"https:\/\/mariemeredespretres.org\/blog\/2026\/09\/rentree\/","title":{"rendered":"Rentr\u00e9e !"},"content":{"rendered":"\n<p class=\"wp-block-paragraph\">En cette p\u00e9riode de rentr\u00e9e o\u00f9 nous avons tous besoin d&rsquo;encouragements, je vous partage cet extrait de la&nbsp;Lettre du pape Fran\u00e7ois aux pr\u00eatres \u00e0 l&rsquo;occasion des 160 ans de la mort du saint Cur\u00e9 d&rsquo;Ars (4 ao\u00fbt 2019) :<\/p>\n\n\n\n<p class=\"wp-block-paragraph\"><em>\u00ab\u00a0Chers fr\u00e8res [pr\u00eatres], merci pour votre fid\u00e9lit\u00e9 aux engagements pris. Il est significatif que, dans une soci\u00e9t\u00e9 et dans une culture qui a transform\u00e9 \u2018\u2018le superficiel\u2019\u2019 en valeur, il existe des personnes qui risquent et cherchent \u00e0 assumer des engagements r\u00e9clamant toute la vie. Nous disons en substance que nous continuons de croire en Dieu qui n\u2019a jamais rompu son alliance, alors m\u00eame que nous l\u2019avons rompue un nombre incalculable de fois. Cela nous invite \u00e0 c\u00e9l\u00e9brer la fid\u00e9lit\u00e9 de Dieu qui ne cesse pas de faire confiance, de croire et de prendre des risques, malgr\u00e9 nos limites et nos p\u00e9ch\u00e9s, et nous invite \u00e0 faire de m\u00eame. Conscients de porter un tr\u00e9sor dans des vases d\u2019argile (cf. 2 Co 4, 7), nous savons que le Seigneur triomphe dans la faiblesse (cf. 2 Co 12, 9), qu\u2019il ne cesse pas de nous soutenir et de nous appeler, en nous donnant cent pour un (cf. Mc 10, 29-30), car \u00ab \u00e9ternelle est sa mis\u00e9ricorde \u00bb.\u00a0\u00bb<\/em><\/p>\n\n\n\n<p class=\"wp-block-paragraph\">Puissions-nous soutenir nos pr\u00eatres dans leurs engagements, et nous-m\u00eames, rester fid\u00e8les aux n\u00f4tres!<\/p>\n","protected":false},"excerpt":{"rendered":"<p>En cette p\u00e9riode de rentr\u00e9e o\u00f9 nous avons tous besoin d&rsquo;encouragements, je vous partage cet extrait de la&nbsp;Lettre du pape Fran\u00e7ois aux pr\u00eatres \u00e0 l&rsquo;occasion des 160 ans de la mort du saint Cur\u00e9 d&rsquo;Ars (4 ao\u00fbt 2019) : \u00ab\u00a0Chers fr\u00e8res [pr\u00eatres], merci pour votre fid\u00e9lit\u00e9 aux engagements pris. Il est significatif que, dans une&hellip; <a class=\"more-link\" href=\"https:\/\/mariemeredespretres.org\/blog\/2026\/09\/rentree\/\">Poursuivre la lecture <span class=\"screen-reader-text\">Rentr\u00e9e !<\/span><\/a><\/p>\n","protected":false},"author":1,"featured_media":0,"comment_status":"closed","ping_status":"closed","sticky":false,"template":"","format":"standard","meta":{"footnotes":""},"categories":[1],"tags":[],"class_list":["post-1302","post","type-post","status-publish","format-standard","hentry","category-uncategorized","entry"],"_links":{"self":[{"href":"https:\/\/mariemeredespretres.org\/blog\/wp-json\/wp\/v2\/posts\/1302","targetHints":{"allow":["GET"]}}],"collection":[{"href":"https:\/\/mariemeredespretres.org\/blog\/wp-json\/wp\/v2\/posts"}],"about":[{"href":"https:\/\/mariemeredespretres.org\/blog\/wp-json\/wp\/v2\/types\/post"}],"author":[{"embeddable":true,"href":"https:\/\/mariemeredespretres.org\/blog\/wp-json\/wp\/v2\/users\/1"}],"replies":[{"embeddable":true,"href":"https:\/\/mariemeredespretres.org\/blog\/wp-json\/wp\/v2\/comments?post=1302"}],"version-history":[{"count":1,"href":"https:\/\/mariemeredespretres.org\/blog\/wp-json\/wp\/v2\/posts\/1302\/revisions"}],"predecessor-version":[{"id":1303,"href":"https:\/\/mariemeredespretres.org\/blog\/wp-json\/wp\/v2\/posts\/1302\/revisions\/1303"}],"wp:attachment":[{"href":"https:\/\/mariemeredespretres.org\/blog\/wp-json\/wp\/v2\/media?parent=1302"}],"wp:term":[{"taxonomy":"category","embeddable":true,"href":"https:\/\/mariemeredespretres.org\/blog\/wp-json\/wp\/v2\/categories?post=1302"},{"taxonomy":"post_tag","embeddable":true,"href":"https:\/\/mariemeredespretres.org\/blog\/wp-json\/wp\/v2\/tags?post=1302"}],"curies":[{"name":"wp","href":"https:\/\/api.w.org\/{rel}","templated":true}]}}