{"id":1265,"date":"2026-04-29T21:23:12","date_gmt":"2026-04-29T19:23:12","guid":{"rendered":"https:\/\/mariemeredespretres.org\/blog\/2026\/04\/le-bon-pasteur-homelie-de-leon-xiv\/"},"modified":"2026-04-29T21:23:12","modified_gmt":"2026-04-29T19:23:12","slug":"le-bon-pasteur-homelie-de-leon-xiv","status":"publish","type":"post","link":"https:\/\/mariemeredespretres.org\/blog\/2026\/04\/le-bon-pasteur-homelie-de-leon-xiv\/","title":{"rendered":"Le Bon Pasteur (hom\u00e9lie de L\u00e9on XIV)"},"content":{"rendered":"<p>Dimanche dernier, nous avons f\u00eat\u00e9 J\u00e9sus \u00ab\u00a0Bon Pasteur\u00a0\u00bb, mod\u00e8le de tous nos pasteurs, les pr\u00eatres. Le pape L\u00e9on XIV a saisi cette occasion pour c\u00e9l\u00e9brer \u00e0 Rome plusieurs ordinations sacerdotales. Voici un bref extrait de son hom\u00e9lie :<\/p>\n<p>\u00ab\u00a0Les communaut\u00e9s o\u00f9 vous serez envoy\u00e9s sont des lieux o\u00f9 le Ressuscit\u00e9 est d\u00e9j\u00e0 pr\u00e9sent, o\u00f9 beaucoup l\u2019ont d\u00e9j\u00e0 suivi de mani\u00e8re exemplaire. Vous reconna\u00eetrez ses plaies, vous distinguerez sa voix, vous trouverez ceux qui vous le montreront. Ce sont les communaut\u00e9s qui vous aideront, vous aussi, \u00e0 devenir saints ! Et vous, aidez-les \u00e0 marcher unies derri\u00e8re J\u00e9sus, le Bon Pasteur, afin qu\u2019elles soient des lieux \u2013 des jardins \u2013 ou la vie ressuscite et se communique. Souvent, il manque aux gens un lieu o\u00f9 d\u00e9couvrir qu\u2019ensemble c\u2019est mieux, qu\u2019ensemble c\u2019est beau, qu\u2019il est possible de vivre ensemble. Faciliter la rencontre, aider \u00e0 rapprocher ceux qui autrement ne se fr\u00e9quenteraient jamais, rapprocher les oppos\u00e9s ne fait qu\u2019un avec l\u2019Eucharistie et la R\u00e9conciliation. Rassembler, c\u2019est toujours et encore implanter l\u2019\u00c9glise.\u00a0\u00bb<\/p>\n<p>Pr\u00eatres et fid\u00e8les forment une communaut\u00e9 o\u00f9 chacun soutient les autres dans sa marche vers la saintet\u00e9, selon le pape. Puissions-nous y contribuer par notre pri\u00e8re et notre soutien des pr\u00eatres !<\/p>\n","protected":false},"excerpt":{"rendered":"<p>Dimanche dernier, nous avons f\u00eat\u00e9 J\u00e9sus \u00ab\u00a0Bon Pasteur\u00a0\u00bb, mod\u00e8le de tous nos pasteurs, les pr\u00eatres. Le pape L\u00e9on XIV a saisi cette occasion pour c\u00e9l\u00e9brer \u00e0 Rome plusieurs ordinations sacerdotales. Voici un bref extrait de son hom\u00e9lie : \u00ab\u00a0Les communaut\u00e9s o\u00f9 vous serez envoy\u00e9s sont des lieux o\u00f9 le Ressuscit\u00e9 est d\u00e9j\u00e0 pr\u00e9sent, o\u00f9 beaucoup&hellip; <a class=\"more-link\" href=\"https:\/\/mariemeredespretres.org\/blog\/2026\/04\/le-bon-pasteur-homelie-de-leon-xiv\/\">Poursuivre la lecture <span class=\"screen-reader-text\">Le Bon Pasteur (hom\u00e9lie de L\u00e9on XIV)<\/span><\/a><\/p>\n","protected":false},"author":1,"featured_media":0,"comment_status":"","ping_status":"closed","sticky":false,"template":"","format":"standard","meta":{"footnotes":""},"categories":[1],"tags":[],"class_list":["post-1265","post","type-post","status-publish","format-standard","hentry","category-uncategorized","entry"],"_links":{"self":[{"href":"https:\/\/mariemeredespretres.org\/blog\/wp-json\/wp\/v2\/posts\/1265","targetHints":{"allow":["GET"]}}],"collection":[{"href":"https:\/\/mariemeredespretres.org\/blog\/wp-json\/wp\/v2\/posts"}],"about":[{"href":"https:\/\/mariemeredespretres.org\/blog\/wp-json\/wp\/v2\/types\/post"}],"author":[{"embeddable":true,"href":"https:\/\/mariemeredespretres.org\/blog\/wp-json\/wp\/v2\/users\/1"}],"replies":[{"embeddable":true,"href":"https:\/\/mariemeredespretres.org\/blog\/wp-json\/wp\/v2\/comments?post=1265"}],"version-history":[{"count":0,"href":"https:\/\/mariemeredespretres.org\/blog\/wp-json\/wp\/v2\/posts\/1265\/revisions"}],"wp:attachment":[{"href":"https:\/\/mariemeredespretres.org\/blog\/wp-json\/wp\/v2\/media?parent=1265"}],"wp:term":[{"taxonomy":"category","embeddable":true,"href":"https:\/\/mariemeredespretres.org\/blog\/wp-json\/wp\/v2\/categories?post=1265"},{"taxonomy":"post_tag","embeddable":true,"href":"https:\/\/mariemeredespretres.org\/blog\/wp-json\/wp\/v2\/tags?post=1265"}],"curies":[{"name":"wp","href":"https:\/\/api.w.org\/{rel}","templated":true}]}}