{"id":1113,"date":"2026-04-02T08:24:29","date_gmt":"2026-04-02T06:24:29","guid":{"rendered":"https:\/\/mariemeredespretres.org\/blog\/?p=1113"},"modified":"2026-04-02T08:24:29","modified_gmt":"2026-04-02T06:24:29","slug":"jeudi-saint-4","status":"publish","type":"post","link":"https:\/\/mariemeredespretres.org\/blog\/2026\/04\/jeudi-saint-4\/","title":{"rendered":"Jeudi Saint"},"content":{"rendered":"\n<p id=\"isPasted\">En ce Jeudi Saint, unissons-nous avec ferveur \u00e0 l&rsquo;intention du mois d&rsquo;avril du &nbsp;Pape et qui nous touche particuli\u00e8rement au sein de la MMMP ! :&nbsp;<\/p>\n\n\n\n<p>\u00abPrions pour les pr\u00eatres qui traversent des moments de crise dans leur vocation, afin qu\u2019ils trouvent l\u2019accompagnement n\u00e9cessaire et que les communaut\u00e9s les soutiennent avec compr\u00e9hension et pri\u00e8re.\u00bb<\/p>\n\n\n\n<p>L\u00e9on XIV rappelle que les pr\u00eatres \u00ab<em>ne sont ni des fonctionnaires ni des h\u00e9ros solitaires, mais des fils bien-aim\u00e9s, des disciples humbles et aim\u00e9s, et des pasteurs soutenus par la pri\u00e8re de leur peuple<\/em>\u00bb.<\/p>\n\n\n\n<p>Et il nous invite \u00e0 \u00ab<em>\u00e9couter sans juger, remercier sans exiger la perfection et accompagner avec proximit\u00e9 et une pri\u00e8re sinc\u00e8re<\/em>\u00bb, en reconnaissant que le soin des pr\u00eatres est une responsabilit\u00e9 partag\u00e9e par tout le Peuple de Dieu.<\/p>\n\n\n\n<p>Voici sa pri\u00e8re :<\/p>\n\n\n\n<p><em>Seigneur J\u00e9sus,<br>Bon Pasteur et compagnon de route,<br>aujourd\u2019hui nous te confions tous les pr\u00eatres,<br>en particulier ceux qui traversent des moments de crise,<br>quand la solitude devient lourde,<br>quand les doutes obscurcissent leur c\u0153ur<br>et que la fatigue semble plus forte que l\u2019esp\u00e9rance.<\/em><\/p>\n\n\n\n<p><em>Toi qui connais leurs luttes et leurs blessures,<br>renouvelle en eux la certitude de ton amour inconditionnel.<br>Fais-leur sentir qu\u2019ils ne sont ni des fonctionnaires ni des h\u00e9ros solitaires,<br>mais des fils bien-aim\u00e9s, des disciples humbles et pr\u00e9cieux,<br>et des pasteurs soutenus par la pri\u00e8re de ton peuple.<\/em><\/p>\n\n\n\n<p><em>P\u00e8re bon,<br>apprends-nous, en tant que communaut\u00e9, \u00e0 prendre soin de nos pr\u00eatres :<br>\u00e0 les \u00e9couter sans juger,<br>\u00e0 remercier sans exiger la perfection,<br>\u00e0 partager avec eux la mission baptismale<br>d\u2019annoncer le Royaume par des gestes et des paroles,<br>et \u00e0 les accompagner avec proximit\u00e9 et pri\u00e8re sinc\u00e8re.<br>Que nous sachions soutenir ceux qui nous soutiennent si souvent.<\/em><\/p>\n\n\n\n<p><em>Esprit Saint,<br>ravive en nos pr\u00eatres la joie de l\u2019\u00c9vangile.<br>Accorde-leur des amiti\u00e9s saines, un soutien fraternel,<br>le sens de l\u2019humour quand les choses ne se passent pas comme pr\u00e9vu,<br>et la gr\u00e2ce de red\u00e9couvrir toujours la beaut\u00e9 de leur vocation.<br>Qu\u2019ils ne perdent jamais confiance en Toi,<br>ni la joie de servir ton \u00c9glise avec un c\u0153ur humble et g\u00e9n\u00e9reux.<\/em><\/p>\n\n\n\n<p>Amen.<\/p>\n","protected":false},"excerpt":{"rendered":"<p>En ce Jeudi Saint, unissons-nous avec ferveur \u00e0 l&rsquo;intention du mois d&rsquo;avril du &nbsp;Pape et qui nous touche particuli\u00e8rement au sein de la MMMP ! :&nbsp; \u00abPrions pour les pr\u00eatres qui traversent des moments de crise dans leur vocation, afin qu\u2019ils trouvent l\u2019accompagnement n\u00e9cessaire et que les communaut\u00e9s les soutiennent avec compr\u00e9hension et pri\u00e8re.\u00bb L\u00e9on&hellip; <a class=\"more-link\" href=\"https:\/\/mariemeredespretres.org\/blog\/2026\/04\/jeudi-saint-4\/\">Poursuivre la lecture <span class=\"screen-reader-text\">Jeudi Saint<\/span><\/a><\/p>\n","protected":false},"author":1,"featured_media":0,"comment_status":"closed","ping_status":"closed","sticky":false,"template":"","format":"standard","meta":{"footnotes":""},"categories":[1],"tags":[],"class_list":["post-1113","post","type-post","status-publish","format-standard","hentry","category-uncategorized","entry"],"_links":{"self":[{"href":"https:\/\/mariemeredespretres.org\/blog\/wp-json\/wp\/v2\/posts\/1113","targetHints":{"allow":["GET"]}}],"collection":[{"href":"https:\/\/mariemeredespretres.org\/blog\/wp-json\/wp\/v2\/posts"}],"about":[{"href":"https:\/\/mariemeredespretres.org\/blog\/wp-json\/wp\/v2\/types\/post"}],"author":[{"embeddable":true,"href":"https:\/\/mariemeredespretres.org\/blog\/wp-json\/wp\/v2\/users\/1"}],"replies":[{"embeddable":true,"href":"https:\/\/mariemeredespretres.org\/blog\/wp-json\/wp\/v2\/comments?post=1113"}],"version-history":[{"count":1,"href":"https:\/\/mariemeredespretres.org\/blog\/wp-json\/wp\/v2\/posts\/1113\/revisions"}],"predecessor-version":[{"id":1114,"href":"https:\/\/mariemeredespretres.org\/blog\/wp-json\/wp\/v2\/posts\/1113\/revisions\/1114"}],"wp:attachment":[{"href":"https:\/\/mariemeredespretres.org\/blog\/wp-json\/wp\/v2\/media?parent=1113"}],"wp:term":[{"taxonomy":"category","embeddable":true,"href":"https:\/\/mariemeredespretres.org\/blog\/wp-json\/wp\/v2\/categories?post=1113"},{"taxonomy":"post_tag","embeddable":true,"href":"https:\/\/mariemeredespretres.org\/blog\/wp-json\/wp\/v2\/tags?post=1113"}],"curies":[{"name":"wp","href":"https:\/\/api.w.org\/{rel}","templated":true}]}}